{"id":35741,"date":"2026-01-08T17:55:17","date_gmt":"2026-01-08T16:55:17","guid":{"rendered":"https:\/\/www.maxicours.com\/se\/?p=35741"},"modified":"2026-01-09T16:09:27","modified_gmt":"2026-01-09T15:09:27","slug":"le-bac-pro-une-voie-trop-souvent-meprisee-reforme-et-perspectives","status":"publish","type":"post","link":"https:\/\/www.maxicours.com\/se\/le-bac-pro-une-voie-trop-souvent-meprisee-reforme-et-perspectives\/","title":{"rendered":"Le bac pro, une voie trop souvent m\u00e9pris\u00e9e ? R\u00e9forme et perspectives"},"content":{"rendered":"\n<h2 class=\"wp-block-heading\"><strong>Pourquoi le bac&nbsp;professionnel est-il une voie souvent m\u00e9pris\u00e9e en France ?<\/strong>&nbsp;<\/h2>\n\n\n\n<p>Le\u00a0bac\u00a0professionnel\u00a0est souvent per\u00e7u comme une voie\u00a0secondaire dans le syst\u00e8me \u00e9ducatif fran\u00e7ais, et cette perception trouve son origine dans plusieurs facteurs historiques et soci\u00e9taux. <\/p>\n\n\n\n<p>Depuis sa cr\u00e9ation, il a \u00e9t\u00e9 souvent consid\u00e9r\u00e9 comme un\u00a0<strong>choix de dernier recours<\/strong>\u00a0pour les \u00e9l\u00e8ves qui peinent dans les\u00a0fili\u00e8res g\u00e9n\u00e9rales. Cela a aliment\u00e9 une image n\u00e9gative, associant le bac\u00a0pro\u00a0\u00e0 une forme de \u00ab\u00a0d\u00e9tournement\u00a0\u00bb des \u00e9l\u00e8ves moins performants acad\u00e9miquement.\u00a0<\/p>\n\n\n\n<div style=\"height:20px\" aria-hidden=\"true\" class=\"wp-block-spacer\"><\/div>\n\n\n\n<div class=\"wp-block-media-text is-stacked-on-mobile\"><figure class=\"wp-block-media-text__media\"><img loading=\"lazy\" decoding=\"async\" width=\"625\" height=\"406\" src=\"https:\/\/www.maxicours.com\/se\/wp-content\/uploads\/2024\/06\/Visuel-site-8.png\" alt=\"\" class=\"wp-image-31827 size-full\" srcset=\"https:\/\/www.maxicours.com\/se\/wp-content\/uploads\/2024\/06\/Visuel-site-8.png 625w, https:\/\/www.maxicours.com\/se\/wp-content\/uploads\/2024\/06\/Visuel-site-8-300x195.png 300w\" sizes=\"auto, (max-width: 625px) 100vw, 625px\" \/><\/figure><div class=\"wp-block-media-text__content\">\n<p>Cette vision a \u00e9t\u00e9 renforc\u00e9e par des\u00a0<strong>pr\u00e9jug\u00e9s sociaux<\/strong>\u00a0: beaucoup associent le bac\u00a0pro\u00a0aux \u00e9l\u00e8ves issus de milieux populaires ou aux jeunes moins int\u00e9ress\u00e9s par les mati\u00e8res th\u00e9oriques. <\/p>\n\n\n\n<p><\/p>\n\n\n\n<p>Parfois, cette vision se retrouve dans les \u00e9tablissements eux-m\u00eames, o\u00f9 les \u00e9l\u00e8ves en&nbsp;lyc\u00e9e&nbsp;professionnel&nbsp;sont parfois per\u00e7us comme ayant des ambitions moins \u00e9lev\u00e9es que ceux des&nbsp;lyc\u00e9es g\u00e9n\u00e9raux.&nbsp;<\/p>\n<\/div><\/div>\n\n\n\n<div style=\"height:30px\" aria-hidden=\"true\" class=\"wp-block-spacer\"><\/div>\n\n\n\n<p>Cependant, la r\u00e9alit\u00e9 du\u00a0bac\u00a0pro\u00a0est bien diff\u00e9rente. Cette voie permet aux \u00e9l\u00e8ves d&rsquo;acqu\u00e9rir des <strong>comp\u00e9tences\u00a0pratiques et\u00a0professionnelles <\/strong>directement li\u00e9es aux besoins du\u00a0march\u00e9 du travail. <\/p>\n\n\n\n<p>Contrairement \u00e0 l\u2019id\u00e9e re\u00e7ue, elle offre des perspectives de carri\u00e8re solides dans des\u00a0secteurs en tension comme l&rsquo;artisanat, la sant\u00e9, ou le\u00a0secteur technologique.\u00a0<\/p>\n\n\n\n<p>Les r\u00e9centes r\u00e9formes du\u00a0lyc\u00e9e\u00a0professionnel\u00a0ont permis de remettre au\u00a0centre\u00a0les\u00a0atouts de cette formation, comme les stages en entreprise et la sp\u00e9cialisation dans des m\u00e9tiers techniques. <\/p>\n\n\n\n<p>Ces r\u00e9formes visent \u00e0 valoriser le bac\u00a0pro, mais elles r\u00e9v\u00e8lent aussi un \u00e9cart de reconnaissance entre les diff\u00e9rentes fili\u00e8res du\u00a0lyc\u00e9e, notamment entre les\u00a0<a href=\"https:\/\/www.maxicours.com\/se\/que-choisir-entre-lycee-general-technologique-ou-professionnel\/\">bacs g\u00e9n\u00e9ralistes et\u00a0professionnels\u00a0pour choisir<\/a>.\u00a0<\/p>\n\n\n\n<h2 class=\"wp-block-heading\">Portrait-robot de l\u2019\u00e9l\u00e8ve en&nbsp;lyc\u00e9e&nbsp;professionnel :&nbsp;<\/h2>\n\n\n\n<p>Les \u00e9l\u00e8ves en bac\u00a0professionnel\u00a0proviennent de milieux sociaux vari\u00e9s, ce qui rend cette fili\u00e8re particuli\u00e8rement diverse. Cette voie est souvent\u00a0choisie par des jeunes qui rencontrent des difficult\u00e9s scolaires dans les fili\u00e8res g\u00e9n\u00e9rales ou technologiques, et qui cherchent une<strong> insertion plus rapide <\/strong>sur le march\u00e9 du travail.\u00a0<\/p>\n\n\n\n<div class=\"wp-block-media-text has-media-on-the-right is-stacked-on-mobile\"><div class=\"wp-block-media-text__content\">\n<p>Les\u00a0profils des \u00e9l\u00e8ves en bac\u00a0pro\u00a0sont marqu\u00e9s par une forte <strong>diversit\u00e9 sociale<\/strong>. <\/p>\n\n\n\n<p><\/p>\n\n\n\n<p>Beaucoup viennent de familles modestes, o\u00f9 les parents n\u2019ont pas fait d\u2019\u00e9tudes sup\u00e9rieures, mais d\u2019autres viennent aussi de milieux plus favoris\u00e9s, attir\u00e9s par l\u2019aspect\u00a0pratique et\u00a0professionnalisant de cette fili\u00e8re.\u00a0<\/p>\n<\/div><figure class=\"wp-block-media-text__media\"><img loading=\"lazy\" decoding=\"async\" width=\"829\" height=\"548\" src=\"https:\/\/www.maxicours.com\/se\/wp-content\/uploads\/2023\/07\/1ere.png\" alt=\"\" class=\"wp-image-24505 size-full\" srcset=\"https:\/\/www.maxicours.com\/se\/wp-content\/uploads\/2023\/07\/1ere.png 829w, https:\/\/www.maxicours.com\/se\/wp-content\/uploads\/2023\/07\/1ere-300x198.png 300w, https:\/\/www.maxicours.com\/se\/wp-content\/uploads\/2023\/07\/1ere-768x508.png 768w\" sizes=\"auto, (max-width: 829px) 100vw, 829px\" \/><\/figure><\/div>\n\n\n\n<p>De plus, la formation\u00a0professionnelle dans le cadre du bac\u00a0pro\u00a0permet \u00e0 ces jeunes d\u2019acqu\u00e9rir des comp\u00e9tences directement applicables sur le march\u00e9 de l\u2019emploi. <\/p>\n\n\n\n<p>Les statistiques montrent que la r\u00e9ussite au bac\u00a0pro\u00a0n\u2019est pas aussi discriminante qu\u2019on pourrait le penser. <\/p>\n\n\n\n<p>En\u00a02022,\u00a0pr\u00e8s de <strong>75% des \u00e9l\u00e8ves en bac\u00a0pro\u00a0ont obtenu leur dipl\u00f4me<\/strong>, un chiffre qui refl\u00e8te la pers\u00e9v\u00e9rance et la capacit\u00e9 de ces \u00e9l\u00e8ves \u00e0 surmonter\u00a0les obstacles li\u00e9s \u00e0 des parcours souvent marqu\u00e9s par des difficult\u00e9s sociales.\u00a0<\/p>\n\n\n\n<h2 class=\"wp-block-heading\"><strong>La r\u00e9forme du&nbsp;lyc\u00e9e&nbsp;professionnel : gen\u00e8se, mesures et pol\u00e9miques<\/strong>&nbsp;<\/h2>\n\n\n\n<p>La\u00a0r\u00e9forme du\u00a0lyc\u00e9e\u00a0professionnel, lanc\u00e9e sous l\u2019impulsion du gouvernement d\u2019Emmanuel Macron\u00a0en\u00a02023, vise \u00e0 moderniser cette fili\u00e8re et \u00e0 mieux r\u00e9pondre aux exigences du march\u00e9 du travail. <\/p>\n\n\n\n<p>L\u2019objectif est de renforcer l\u2019insertion\u00a0professionnelle\u00a0des jeunes, d\u2019adapter\u00a0les enseignements aux besoins des\u00a0secteurs en tension et de r\u00e9duire les in\u00e9galit\u00e9s entre les voies\u00a0professionnelles et g\u00e9n\u00e9rales.\u00a0<\/p>\n\n\n\n<p>Les mesures phares de cette r\u00e9forme incluent la\u00a0r\u00e9organisation des parcours\u00a0des \u00e9l\u00e8ves en\u00a0terminale, avec la mise en place de\u00a0parcours diff\u00e9renci\u00e9s\u00a0selon les sp\u00e9cialit\u00e9s et une meilleure\u00a0<strong>valorisation des stages<\/strong>\u00a0en entreprise.<\/p>\n\n\n\n<div style=\"height:36px\" aria-hidden=\"true\" class=\"wp-block-spacer\"><\/div>\n\n\n\n<div class=\"wp-block-media-text is-stacked-on-mobile\"><figure class=\"wp-block-media-text__media\"><img loading=\"lazy\" decoding=\"async\" width=\"1024\" height=\"1024\" src=\"https:\/\/www.maxicours.com\/se\/wp-content\/uploads\/2024\/07\/Visuel-Matieres-2-1024x1024.png\" alt=\"\" class=\"wp-image-32152 size-full\" srcset=\"https:\/\/www.maxicours.com\/se\/wp-content\/uploads\/2024\/07\/Visuel-Matieres-2-1024x1024.png 1024w, https:\/\/www.maxicours.com\/se\/wp-content\/uploads\/2024\/07\/Visuel-Matieres-2-300x300.png 300w, https:\/\/www.maxicours.com\/se\/wp-content\/uploads\/2024\/07\/Visuel-Matieres-2-150x150.png 150w, https:\/\/www.maxicours.com\/se\/wp-content\/uploads\/2024\/07\/Visuel-Matieres-2-768x768.png 768w, https:\/\/www.maxicours.com\/se\/wp-content\/uploads\/2024\/07\/Visuel-Matieres-2.png 1080w\" sizes=\"auto, (max-width: 1024px) 100vw, 1024px\" \/><\/figure><div class=\"wp-block-media-text__content\">\n<p> De plus, l&rsquo;accent est mis sur une\u00a0formation plus individualis\u00e9e, avec un <strong>suivi personnalis\u00e9<\/strong> des \u00e9l\u00e8ves tout au long de leur parcours. <\/p>\n\n\n\n<p>Le gouvernement met \u00e9galement en avant l\u2019am\u00e9lioration des comp\u00e9tences\u00a0transversales\u00a0comme la ma\u00eetrise des langues et des outils num\u00e9riques, afin de\u00a0pr\u00e9parer les \u00e9l\u00e8ves \u00e0 des m\u00e9tiers en constante \u00e9volution.\u00a0<\/p>\n\n\n\n<p>Cependant, cette r\u00e9forme a \u00e9t\u00e9 fortement critiqu\u00e9e. <\/p>\n\n\n\n<p>Les\u00a0syndicats\u00a0et certains\u00a0enseignants\u00a0d\u00e9noncent une\u00a0absence de concertation\u00a0suffisante, estimant que les d\u00e9cisions sont\u00a0prises sans tenir compte de la r\u00e9alit\u00e9 du\u00a0terrain. <\/p>\n<\/div><\/div>\n\n\n\n<div style=\"height:36px\" aria-hidden=\"true\" class=\"wp-block-spacer\"><\/div>\n\n\n\n<p>Les\u00a0parents d\u2019\u00e9l\u00e8ves\u00a0s\u2019inqui\u00e8tent d\u2019une r\u00e9forme qui, selon eux, risquerait de\u00a0renforcer la s\u00e9gr\u00e9gation scolaire\u00a0en s\u00e9parant encore davantage les \u00e9l\u00e8ves en fonction de leur niveau.\u00a0<\/p>\n\n\n\n<p>Des\u00a0experts\u00a0soulignent \u00e9galement les risques d\u2019une\u00a0sous-valorisation de la formation g\u00e9n\u00e9rale, notamment les mati\u00e8res comme les math\u00e9matiques et les sciences, au\u00a0profit de la\u00a0professionnalisation pure.\u00a0<\/p>\n\n\n\n<p>Le Monde diplomatique\u00a0a soulign\u00e9 que cette r\u00e9forme pourrait accentuer la\u00a0fracture sociale, en cr\u00e9ant un syst\u00e8me o\u00f9 les \u00e9l\u00e8ves des fili\u00e8res\u00a0professionnelles seraient encore plus stigmatis\u00e9s.\u00a0<\/p>\n\n\n\n<h3 class=\"wp-block-heading\"><strong>Avantages de la r\u00e9forme du&nbsp;lyc\u00e9e&nbsp;professionnel : insertion, individualisation, valorisation<\/strong><\/h3>\n\n\n\n<p>La r\u00e9forme du\u00a0lyc\u00e9e\u00a0professionnel\u00a0apporte plusieurs avanc\u00e9es notables, visant \u00e0 am\u00e9liorer l&rsquo;insertion\u00a0professionnelle des \u00e9l\u00e8ves et \u00e0 r\u00e9pondre aux besoins du march\u00e9 du travail. <\/p>\n\n\n\n<p>L&rsquo;un des grands avantages r\u00e9side dans la\u00a0mise en place de parcours diff\u00e9renci\u00e9s\u00a0en\u00a0<a href=\"https:\/\/www.maxicours.com\/se\/lycee\/terminale-pro\/\">terminale Bac\u00a0pro<\/a>, permettant \u00e0 chaque \u00e9l\u00e8ve de suivre un <strong>parcours plus adapt\u00e9 \u00e0 ses aspirations et comp\u00e9tences<\/strong>. <\/p>\n\n\n\n<div class=\"wp-block-media-text has-media-on-the-right is-stacked-on-mobile\" style=\"grid-template-columns:auto 47%\"><div class=\"wp-block-media-text__content\">\n<p>Par exemple, un \u00e9l\u00e8ve en\u00a0terminale Bac\u00a0pro\u00a0m\u00e9tiers de la sant\u00e9\u00a0pourrait se sp\u00e9cialiser davantage en soins infirmiers, tandis qu&rsquo;un autre dans le m\u00eame bac\u00a0pro\u00a0pourrait se concentrer sur la\u00a0gestion des structures de sant\u00e9, selon ses objectifs de carri\u00e8re.<\/p>\n\n\n\n<p>Un autre atout majeur de la r\u00e9forme est la\u00a0valorisation des stages\u00a0en entreprise, d\u00e9sormais consid\u00e9r\u00e9s comme des \u00e9l\u00e9ments cl\u00e9s de la formation. \u00a0<\/p>\n<\/div><figure class=\"wp-block-media-text__media\"><img loading=\"lazy\" decoding=\"async\" width=\"1016\" height=\"763\" src=\"https:\/\/www.maxicours.com\/se\/wp-content\/uploads\/2023\/08\/Telephone.png\" alt=\"\" class=\"wp-image-28198 size-full\" srcset=\"https:\/\/www.maxicours.com\/se\/wp-content\/uploads\/2023\/08\/Telephone.png 1016w, https:\/\/www.maxicours.com\/se\/wp-content\/uploads\/2023\/08\/Telephone-300x225.png 300w, https:\/\/www.maxicours.com\/se\/wp-content\/uploads\/2023\/08\/Telephone-768x577.png 768w\" sizes=\"auto, (max-width: 1016px) 100vw, 1016px\" \/><\/figure><\/div>\n\n\n\n<p>Ces p\u00e9riodes en entreprise devraient \u00eatre mieux encadr\u00e9es et davantage int\u00e9gr\u00e9es au\u00a0programme, offrant aux \u00e9l\u00e8ves des <strong>exp\u00e9riences concr\u00e8tes<\/strong> et un meilleur acc\u00e8s \u00e0 l&#8217;emploi. <\/p>\n\n\n\n<p>Par exemple, un \u00e9tudiant en\u00a0<a href=\"https:\/\/www.maxicours.com\/se\/lycee\/premiere-pro\/\">premi\u00e8re\u00a0pro<\/a>\u00a0commerce\u00a0pourrait effectuer un stage dans une grande surface, tandis qu&rsquo;un autre en Bac\u00a0pro\u00a0m\u00e9canique\u00a0pourrait \u00eatre plac\u00e9 dans un garage automobile.\u00a0<\/p>\n\n\n\n<p>Enfin, l&rsquo;individualisation de l&rsquo;enseignement&nbsp;constitue une avanc\u00e9e pour les \u00e9l\u00e8ves en difficult\u00e9, en leur offrant un suivi plus personnalis\u00e9 et des outils pour mieux r\u00e9ussir leur parcours, comme des modules de soutien en&nbsp;math\u00e9matiques&nbsp;ou en&nbsp;langues \u00e9trang\u00e8res&nbsp;pour ceux qui en ont besoin.&nbsp;<\/p>\n\n\n\n<h3 class=\"wp-block-heading\"><strong>Limites et risques de la r\u00e9forme du&nbsp;lyc\u00e9e&nbsp;professionnel : s\u00e9gr\u00e9gation, in\u00e9galit\u00e9s, inqui\u00e9tudes<\/strong><\/h3>\n\n\n\n<p>La r\u00e9forme du\u00a0lyc\u00e9e\u00a0professionnel, bien que visant \u00e0 am\u00e9liorer l\u2019insertion\u00a0professionnelle, suscite \u00e9galement des critiques, notamment sur le\u00a0risque de renforcer la s\u00e9gr\u00e9gation scolaire. <\/p>\n\n\n\n<p>En offrant des\u00a0parcours diff\u00e9renci\u00e9s\u00a0en\u00a0terminale, certains redoutent que les \u00e9l\u00e8ves soient encore davantage s\u00e9par\u00e9s en fonction de leurs comp\u00e9tences et de leur origine sociale. <\/p>\n\n\n\n<p>Cette hi\u00e9rarchisation des parcours pourrait aggraver les\u00a0in\u00e9galit\u00e9s\u00a0d\u00e9j\u00e0\u00a0pr\u00e9sentes entre les fili\u00e8res\u00a0professionnelles et g\u00e9n\u00e9rales, creusant ainsi un foss\u00e9 suppl\u00e9mentaire entre les jeunes.\u00a0<\/p>\n\n\n\n<p>Les\u00a0enseignants\u00a0expriment \u00e9galement des inqui\u00e9tudes concernant l&rsquo;appauvrissement de la formation g\u00e9n\u00e9rale, notamment dans les mati\u00e8res comme les math\u00e9matiques et les sciences, au\u00a0profit d&rsquo;une approche trop\u00a0professionnalisante. <\/p>\n\n\n\n<p>Certains craignent que cela limite l&rsquo;acc\u00e8s \u00e0 des formations sup\u00e9rieures pour les \u00e9l\u00e8ves souhaitant poursuivre apr\u00e8s leur bac\u00a0pro.\u00a0<\/p>\n\n\n\n<p>Enfin, la r\u00e9forme pourrait avoir un impact n\u00e9gatif sur les\u00a0\u00e9l\u00e8ves fragiles ou absent\u00e9istes. <\/p>\n\n\n\n<p>Un cas d\u2019\u00e9tude sur l\u2019absent\u00e9isme en Bac\u00a0pro\u00a0montre que ces \u00e9l\u00e8ves, souvent d\u00e9j\u00e0 en difficult\u00e9, pourraient \u00eatre laiss\u00e9s de c\u00f4t\u00e9 par un syst\u00e8me trop individualis\u00e9, ce qui risquerait de les exclure davantage du parcours scolaire.\u00a0<\/p>\n\n\n\n<h2 class=\"wp-block-heading\"><strong>Bac&nbsp;pro&nbsp;versus autre voie : diff\u00e9rences, enjeux et perception des employeurs<\/strong>&nbsp;<\/h2>\n\n\n\n<p>Le\u00a0bac\u00a0professionnel\u00a0se distingue du\u00a0bac g\u00e9n\u00e9ral\u00a0et du\u00a0bac technologique\u00a0par son <strong>orientation\u00a0pratique<\/strong> et sa sp\u00e9cialisation\u00a0pr\u00e9coce dans un m\u00e9tier. <\/p>\n\n\n\n<p>Alors que les bacs g\u00e9n\u00e9ral et technologique visent \u00e0\u00a0pr\u00e9parer les \u00e9l\u00e8ves \u00e0 des \u00e9tudes sup\u00e9rieures, le bac\u00a0pro\u00a0est con\u00e7u pour offrir une formation plus directe et\u00a0professionnalisante, souvent li\u00e9e \u00e0 des\u00a0secteurs en tension comme le commerce, la sant\u00e9 ou les m\u00e9tiers techniques.\u00a0<\/p>\n\n\n\n<p>En\u00a0termes de contenu, le\u00a0bac g\u00e9n\u00e9ral\u00a0met l&rsquo;accent sur les mati\u00e8res acad\u00e9miques comme les math\u00e9matiques, les sciences, les lettres et les langues, tandis que le\u00a0bac technologique\u00a0se concentre sur des domaines sp\u00e9cifiques comme les sciences et technologies industrielles ou les sciences et technologies de la sant\u00e9.\u00a0<\/p>\n\n\n\n<div class=\"wp-block-media-text is-stacked-on-mobile\"><figure class=\"wp-block-media-text__media\"><img loading=\"lazy\" decoding=\"async\" width=\"1024\" height=\"1024\" src=\"https:\/\/www.maxicours.com\/se\/wp-content\/uploads\/2025\/10\/Visuel-classe-seconde-1024x1024.png\" alt=\"\" class=\"wp-image-34779 size-full\" srcset=\"https:\/\/www.maxicours.com\/se\/wp-content\/uploads\/2025\/10\/Visuel-classe-seconde-1024x1024.png 1024w, https:\/\/www.maxicours.com\/se\/wp-content\/uploads\/2025\/10\/Visuel-classe-seconde-300x300.png 300w, https:\/\/www.maxicours.com\/se\/wp-content\/uploads\/2025\/10\/Visuel-classe-seconde-150x150.png 150w, https:\/\/www.maxicours.com\/se\/wp-content\/uploads\/2025\/10\/Visuel-classe-seconde-768x768.png 768w, https:\/\/www.maxicours.com\/se\/wp-content\/uploads\/2025\/10\/Visuel-classe-seconde.png 1080w\" sizes=\"auto, (max-width: 1024px) 100vw, 1024px\" \/><\/figure><div class=\"wp-block-media-text__content\">\n<p><a href=\"https:\/\/www.maxicours.com\/se\/lycee\/seconde-pro\/\">La seconde\u00a0pro<\/a>, quant \u00e0\u00a0elle, combine des enseignements th\u00e9oriques et pratiques avec une forte composante de\u00a0stages en entreprise, permettant une immersion directe dans le monde du travail.\u00a0<\/p>\n\n\n\n<p>Les\u00a0d\u00e9bouch\u00e9s\u00a0professionnels\u00a0apr\u00e8s un bac\u00a0pro\u00a0sont g\u00e9n\u00e9ralement plus directs et plus rapides, avec un<strong> taux d&rsquo;insertion dans la vie active qui avoisine les\u00a070 %<\/strong>, selon les derni\u00e8res\u00a0statistiques\u00a0(<em>Note d&rsquo;Information<\/em>\u00a0n\u00b0 25-69, d\u00e9cembre 2025). <\/p>\n<\/div><\/div>\n\n\n\n<p>En revanche, les bacheliers g\u00e9n\u00e9raux ont tendance \u00e0 poursuivre leurs \u00e9tudes, notamment en\u00a0universit\u00e9\u00a0ou en\u00a0\u00e9coles sup\u00e9rieures, bien que le taux de\u00a0r\u00e9ussite\u00a0en\u00a0premi\u00e8re ann\u00e9e d\u2019universit\u00e9\u00a0reste relativement faible.\u00a0<\/p>\n\n\n\n<p>Concernant la perception des\u00a0employeurs, le bac\u00a0pro\u00a0est souvent per\u00e7u comme une formation\u00a0pratique et sp\u00e9cialis\u00e9e, mais parfois moins valoris\u00e9e que les autres bacs. <\/p>\n\n\n\n<p>Cependant, les entreprises sont de plus en plus ouvertes \u00e0 cette formation, surtout dans les\u00a0secteurs n\u00e9cessitant des comp\u00e9tences sp\u00e9cifiques et techniques.\u00a0<\/p>\n\n\n\n<h3 class=\"wp-block-heading\"><strong>Alternatives au bac&nbsp;pro&nbsp;: quelles autres solutions pour les \u00e9l\u00e8ves en difficult\u00e9 ?<\/strong>&nbsp;<\/h3>\n\n\n\n<p>Pour les \u00e9l\u00e8ves en difficult\u00e9, plusieurs alternatives au\u00a0bac\u00a0pro\u00a0permettent de r\u00e9pondre \u00e0 des besoins vari\u00e9s tout en favorisant l\u2019inclusion sociale. <\/p>\n\n\n\n<p>Le\u00a0<strong>CAP\u00a0(Certificat d\u2019Aptitude\u00a0Professionnelle) <\/strong>reste une solution incontournable pour ceux qui souhaitent acqu\u00e9rir une qualification rapide et sp\u00e9cifique. <\/p>\n\n\n\n<p>Des formations telles que le\u00a0CAP cuisine, le\u00a0CAP m\u00e9canique automobile, le\u00a0CAP petite enfance, ou encore le\u00a0CAP menuiserie\u00a0offrent aux jeunes une entr\u00e9e directe sur le march\u00e9 du travail, leur permettant de s\u2019int\u00e9grer\u00a0professionnellement tout en acqu\u00e9rant des comp\u00e9tences\u00a0pratiques. <\/p>\n\n\n\n<p>Ces formations sont souvent plus accessibles pour les \u00e9l\u00e8ves qui rencontrent des difficult\u00e9s scolaires dans des mati\u00e8res th\u00e9oriques.\u00a0<\/p>\n\n\n\n<div class=\"wp-block-media-text has-media-on-the-right is-stacked-on-mobile\"><div class=\"wp-block-media-text__content\">\n<p><strong>Le\u00a0parcours Y<\/strong>\u00a0est une alternative plus flexible et adapt\u00e9e, permettant aux \u00e9l\u00e8ves de renforcer leurs comp\u00e9tences tout en testant diff\u00e9rentes voies\u00a0professionnelles.<\/p>\n\n\n\n<p>Ce parcours modulaire est con\u00e7u pour offrir aux jeunes une\u00a0progression personnalis\u00e9e, leur donnant la possibilit\u00e9 de red\u00e9couvrir leurs comp\u00e9tences et d\u2019acqu\u00e9rir une orientation claire vers des m\u00e9tiers en tension. <\/p>\n\n\n\n<p>Par exemple, un \u00e9l\u00e8ve peut exp\u00e9rimenter\u00a0des ateliers de\u00a0b\u00e2timent, de\u00a0commerce, ou de\u00a0technologies\u00a0avant de se sp\u00e9cialiser dans un domaine\u00a0pr\u00e9cis, comme un CAP ou un bac\u00a0pro.\u00a0<\/p>\n<\/div><figure class=\"wp-block-media-text__media\"><img loading=\"lazy\" decoding=\"async\" width=\"464\" height=\"460\" src=\"https:\/\/www.maxicours.com\/se\/wp-content\/uploads\/2023\/07\/15-18ans@2x.png\" alt=\"\" class=\"wp-image-25472 size-full\" srcset=\"https:\/\/www.maxicours.com\/se\/wp-content\/uploads\/2023\/07\/15-18ans@2x.png 464w, https:\/\/www.maxicours.com\/se\/wp-content\/uploads\/2023\/07\/15-18ans@2x-300x297.png 300w, https:\/\/www.maxicours.com\/se\/wp-content\/uploads\/2023\/07\/15-18ans@2x-150x150.png 150w\" sizes=\"auto, (max-width: 464px) 100vw, 464px\" \/><\/figure><\/div>\n\n\n\n<p>Les\u00a0<strong>passerelles\u00a0vers le\u00a0bac technologique\u00a0ou\u00a0g\u00e9n\u00e9ral<\/strong>\u00a0repr\u00e9sentent aussi une alternative pour les \u00e9l\u00e8ves qui souhaitent r\u00e9orienter\u00a0leur parcours vers des \u00e9tudes sup\u00e9rieures. <\/p>\n\n\n\n<p>Ces passerelles permettent aux \u00e9l\u00e8ves de repasser par des formations plus acad\u00e9miques apr\u00e8s avoir obtenu leur\u00a0CAP\u00a0ou\u00a0bac\u00a0pro, ce qui peut favoriser leur\u00a0insertion sociale\u00a0et leur\u00a0mobilit\u00e9.\u00a0<\/p>\n\n\n\n<p>Ces alternatives contribuent \u00e0 l&rsquo;inclusion sociale des \u00e9l\u00e8ves, en leur offrant des parcours de r\u00e9ussite diversifi\u00e9s et adapt\u00e9s \u00e0 leurs comp\u00e9tences, sans les exclure du syst\u00e8me \u00e9ducatif.&nbsp;<\/p>\n\n\n\n<h2 class=\"wp-block-heading\"><strong>Les stages en entreprise : levier d\u2019insertion et d\u2019\u00e9mancipation ou miroir aux alouettes ?<\/strong>&nbsp;<\/h2>\n\n\n\n<p>Les stages en entreprise (<strong>P\u00e9riodes de Formation en Milieu\u00a0Professionnel \u2013PFMP<\/strong>) occupent une place centrale dans la formation des \u00e9l\u00e8ves en bac\u00a0pro. Ils permettent aux jeunes de se confronter\u00a0directement au monde\u00a0du travail, d\u2019acqu\u00e9rir des comp\u00e9tences\u00a0pratiques et d\u00e9couvrir les r\u00e9alit\u00e9s des m\u00e9tiers qu\u2019ils envisagent. <\/p>\n\n\n\n<p>Ces p\u00e9riodes en entreprise sont essentielles pour leur<strong> insertion\u00a0professionnelle<\/strong>, offrant des opportunit\u00e9s concr\u00e8tes de se faire\u00a0conna\u00eetre\u00a0des employeurs et de renforcer leur employabilit\u00e9.\u00a0Cependant, les stages en entreprise soul\u00e8vent \u00e9galement des questions sur leur efficacit\u00e9 et leurs limites. <\/p>\n\n\n\n<p>Si certaines entreprises appr\u00e9cient la motivation des stagiaires et l\u2019apport\u00a0de comp\u00e9tences jeunes, d\u2019autres mettent en \u00e9vidence des\u00a0probl\u00e8mes r\u00e9currents, comme l\u2019absence d\u2019encadrement p\u00e9dagogique ou des t\u00e2ches non li\u00e9es \u00e0 la formation des \u00e9tudiants. <\/p>\n\n\n\n<p>Certains stagiaires\u00a0se retrouvent \u00e9galement dans des situations de\u00a0pr\u00e9carisation, notamment \u00e0 cause de l\u2019absence de r\u00e9mun\u00e9ration ou de gratification.\u00a0<\/p>\n\n\n\n<p>Les stages peuvent cependant constituer un<strong> levier d\u2019\u00e9mancipation<\/strong> et une v\u00e9ritable porte d\u2019entr\u00e9e vers l\u2019emploi. Ils offrent aux \u00e9l\u00e8ves une\u00a0premi\u00e8re exp\u00e9rience du march\u00e9 du travail, renfor\u00e7ant ainsi leur employabilit\u00e9 et leurs comp\u00e9tences\u00a0professionnelles. <\/p>\n\n\n\n<p>Dans le cas contraire, un stage mal g\u00e9r\u00e9\u00a0peut \u00eatre per\u00e7u comme un miroir aux alouettes, ne r\u00e9pondant pas aux attentes des jeunes en mati\u00e8re de formation.<\/p>\n\n\n\n<h2 class=\"wp-block-heading\"><strong>Quarante ans de bac&nbsp;pro&nbsp;: retour sur une \u00e9volution en tension<\/strong>&nbsp;<\/h2>\n\n\n\n<p>Le bac\u00a0professionnel a \u00e9t\u00e9 cr\u00e9\u00e9 en\u00a01985 dans un contexte de transformation du syst\u00e8me \u00e9ducatif fran\u00e7ais, avec l\u2019objectif de mieux r\u00e9pondre aux besoins de qualification des jeunes dans des m\u00e9tiers techniques et\u00a0pratiques. <\/p>\n\n\n\n<p>\u00c0 ses d\u00e9buts, le bac\u00a0pro\u00a0visait avant tout \u00e0 former des ouvriers qualifi\u00e9s dans des\u00a0secteurs\u00a0comme l\u2019industrie, le commerce ou les m\u00e9tiers\u00a0de la construction.\u00a0<\/p>\n\n\n\n<p>Cette orientation\u00a0pratique et\u00a0professionnelle\u00a0a toutefois souvent \u00e9t\u00e9 per\u00e7ue comme <strong>une voie de\u00a0rel\u00e9gation<\/strong>, r\u00e9serv\u00e9e \u00e0 ceux consid\u00e9r\u00e9s comme moins acad\u00e9miques. <\/p>\n\n\n\n<div style=\"height:40px\" aria-hidden=\"true\" class=\"wp-block-spacer\"><\/div>\n\n\n\n<div class=\"wp-block-media-text is-stacked-on-mobile\"><figure class=\"wp-block-media-text__media\"><img loading=\"lazy\" decoding=\"async\" width=\"815\" height=\"516\" src=\"https:\/\/www.maxicours.com\/se\/wp-content\/uploads\/2023\/09\/Ecole.png\" alt=\"\" class=\"wp-image-28504 size-full\" srcset=\"https:\/\/www.maxicours.com\/se\/wp-content\/uploads\/2023\/09\/Ecole.png 815w, https:\/\/www.maxicours.com\/se\/wp-content\/uploads\/2023\/09\/Ecole-300x190.png 300w, https:\/\/www.maxicours.com\/se\/wp-content\/uploads\/2023\/09\/Ecole-768x486.png 768w\" sizes=\"auto, (max-width: 815px) 100vw, 815px\" \/><\/figure><div class=\"wp-block-media-text__content\">\n<p>En effet, d\u00e8s sa cr\u00e9ation, la fili\u00e8re a \u00e9t\u00e9 stigmatis\u00e9e comme \u00e9tant un parcours\u00a0secondaire par rapport aux voies g\u00e9n\u00e9rales.\u00a0<\/p>\n\n\n\n<p>Les \u00e9volutions majeures du bac\u00a0pro\u00a0ont commenc\u00e9 dans les ann\u00e9es\u00a02000, avec l\u2019introduction de r\u00e9formes destin\u00e9es \u00e0 valoriser la formation\u00a0professionnelle.<\/p>\n\n\n\n<p>Cependant, malgr\u00e9 les\u00a0tentatives de revalorisation, la perception du bac\u00a0pro\u00a0reste marqu\u00e9e par une d\u00e9valorisation persistante. <\/p>\n<\/div><\/div>\n\n\n\n<div style=\"height:40px\" aria-hidden=\"true\" class=\"wp-block-spacer\"><\/div>\n\n\n\n<p>Comme l\u2019analyse le Monde diplomatique : <strong>\u201c<em>Le bac\u00a0professionnel\u00a0est une voie largement stigmatis\u00e9e r\u00e9duite \u00e0 une solution de repli pour les\u00a0\u00e9l\u00e8ves en difficult\u00e9, malgr\u00e9 les efforts pour la rendre plus attractive et mieux ins\u00e9r\u00e9e dans le march\u00e9 du travail.<\/em>\u201d<\/strong>\u00a0<\/p>\n\n\n\n<p>Ainsi, malgr\u00e9 des r\u00e9formes successives&nbsp;pour&nbsp;am\u00e9liorer la reconnaissance du bac&nbsp;pro&nbsp;et le rendre plus \u00e9quitable, cette fili\u00e8re peine encore \u00e0 surmonter&nbsp;son image de parcours de&nbsp;seconde zone, renfor\u00e7ant le clivage entre les diff\u00e9rentes voies \u00e9ducatives.&nbsp;<\/p>\n\n\n\n<h2 class=\"wp-block-heading\"><strong>D\u00e9bats autour de l\u2019\u00e9quit\u00e9 et de l\u2019acc\u00e8s \u00e0 l\u2019\u00e9ducation dans la voie&nbsp;professionnelle<\/strong>&nbsp;<\/h2>\n\n\n\n<p>Le\u00a0bac\u00a0professionnel\u00a0est souvent per\u00e7u comme un\u00a0outil de mobilit\u00e9 sociale, offrant \u00e0 de nombreux jeunes issus de\u00a0quartiers populaires\u00a0ou de\u00a0zones rurales\u00a0une chance d\u2019acc\u00e9der \u00e0 une\u00a0formation qualifiante\u00a0et de s\u2019ins\u00e9rer sur le march\u00e9 du travail. <\/p>\n\n\n\n<p>Cependant, malgr\u00e9 les r\u00e9formes visant \u00e0 renforcer l&rsquo;\u00e9galit\u00e9 des chances, des\u00a0in\u00e9galit\u00e9s persistantes\u00a0demeurent. L\u2019acc\u00e8s \u00e0 la\u00a0voie\u00a0professionnelle\u00a0est encore trop souvent <strong>influenc\u00e9 par\u00a0des crit\u00e8res socio-\u00e9conomiques\u00a0et g\u00e9ographiques.\u00a0<\/strong><\/p>\n\n\n\n<p>Les\u00a0r\u00e9formes r\u00e9centes\u00a0du\u00a0lyc\u00e9e\u00a0professionnel ont cherch\u00e9 \u00e0 am\u00e9liorer la qualit\u00e9 de la formation, notamment par la\u00a0revalorisation\u00a0des stages\u00a0et l&rsquo;individualisation des parcours. Toutefois, l&rsquo;impact de ces r\u00e9formes pour les \u00e9l\u00e8ves issus de milieux d\u00e9favoris\u00e9s reste mitig\u00e9. <\/p>\n\n\n\n<p>Certains experts estiment que la r\u00e9forme pourrait aggraver les in\u00e9galit\u00e9s, notamment en accentuant les\u00a0fractures\u00a0territoriales\u00a0et en limitant l\u2019acc\u00e8s \u00e0 des\u00a0formations diversifi\u00e9es\u00a0dans les zones rurales.\u00a0<\/p>\n\n\n\n<p>Le d\u00e9bat autour de l&rsquo;\u00e9quit\u00e9 dans le syst\u00e8me \u00e9ducatif soul\u00e8ve donc la question de l&rsquo;\u00e9galit\u00e9 r\u00e9elle&nbsp;des chances pour tous les \u00e9l\u00e8ves, ind\u00e9pendamment de leur origine sociale ou g\u00e9ographique.&nbsp;<\/p>\n\n\n\n<h2 class=\"wp-block-heading\"><strong>Quels sont les&nbsp;principaux freins au r\u00e9\u00e9quilibrage entre fili\u00e8res g\u00e9n\u00e9rales, techno et&nbsp;pro&nbsp;?<\/strong>&nbsp;<\/h2>\n\n\n\n<p>Le\u00a0r\u00e9\u00e9quilibrage\u00a0entre les\u00a0fili\u00e8res g\u00e9n\u00e9rales,\u00a0technologiques\u00a0et\u00a0professionnelles\u00a0reste difficile, en grande partie \u00e0 cause de la perception du\u00a0prestige\u00a0des diff\u00e9rentes voies. <\/p>\n\n\n\n<p>Le\u00a0bac g\u00e9n\u00e9ral\u00a0est souvent consid\u00e9r\u00e9 comme la voie d&rsquo;excellence,\u00a0principalement dans les\u00a0milieux favoris\u00e9s, tandis que le bac\u00a0pro\u00a0est per\u00e7u comme une option de\u00a0repli.\u00a0<\/p>\n\n\n\n<p>Un autre frein majeur vient des\u00a0r\u00e9seaux familiaux et sociaux. Les \u00e9l\u00e8ves issus de\u00a0milieux\u00a0privil\u00e9gi\u00e9s\u00a0b\u00e9n\u00e9ficient souvent de\u00a0r\u00e9seaux\u00a0professionnels\u00a0(famille, contacts dans des entreprises, accompagnement\u00a0priv\u00e9), ce qui facilite leur orientation vers des\u00a0lyc\u00e9es g\u00e9n\u00e9raux\u00a0ou\u00a0technologiques. <\/p>\n\n\n\n<p>Ces \u00e9l\u00e8ves ont \u00e9galement acc\u00e8s \u00e0 des\u00a0conseillers d&rsquo;orientation\u00a0mieux form\u00e9s ou \u00e0 des\u00a0parents\u00a0capables de les guider efficacement, augmentant ainsi leurs chances de suivre des parcours acad\u00e9miques valoris\u00e9s.\u00a0<\/p>\n\n\n\n<p>\u00c0 l\u2019inverse, les \u00e9l\u00e8ves issus de\u00a0milieux populaires\u00a0ou de\u00a0zones rurales\u00a0se retrouvent souvent dans des fili\u00e8res\u00a0professionnelles, sans ces\u00a0r\u00e9seaux de soutien. <\/p>\n\n\n\n<p>De plus, les\u00a0politiques d&rsquo;orientation\u00a0restent souvent orient\u00e9es vers des fili\u00e8res g\u00e9n\u00e9ralistes, ce qui perp\u00e9tue les\u00a0in\u00e9galit\u00e9s sociales\u00a0et complique le r\u00e9\u00e9quilibrage des voies.<\/p>\n\n\n\n<h2 class=\"wp-block-heading\"><strong>FAQ : Questions fr\u00e9quentes sur le bac&nbsp;pro&nbsp;et la voie&nbsp;professionnelle<\/strong><\/h2>\n\n\n\n<details class=\"wp-block-details has-blue-light-background-color has-background is-layout-flow wp-block-details-is-layout-flow\" open><summary><strong>Pourquoi le bac&nbsp;pro&nbsp;est-il souvent mal per\u00e7u ?<\/strong><\/summary>\n<figure class=\"wp-block-table\"><table class=\"has-fixed-layout\"><tbody><tr><td>Le bac&nbsp;professionnel est parfois consid\u00e9r\u00e9 comme une voie de repli, alors qu\u2019il offre des comp\u00e9tences&nbsp;professionnelles concr\u00e8tes et une insertion rapide sur le march\u00e9 du travail.&nbsp;<\/td><\/tr><tr><td><\/td><\/tr><\/tbody><\/table><\/figure>\n<\/details>\n\n\n\n<details class=\"wp-block-details has-blue-light-background-color has-background is-layout-flow wp-block-details-is-layout-flow\"><summary><strong><strong>Quelles sont les&nbsp;principales fili\u00e8res du bac&nbsp;pro&nbsp;?<\/strong>&nbsp;<\/strong><\/summary>\n<figure class=\"wp-block-table\"><table class=\"has-fixed-layout\"><tbody><tr><td>On trouve des fili\u00e8res vari\u00e9es&nbsp;:&nbsp;commerce, m\u00e9canique, h\u00f4tellerie, b\u00e2timent, services \u00e0 la personne,&nbsp;etc., adapt\u00e9es \u00e0 diff\u00e9rents&nbsp;profils et m\u00e9tiers.&nbsp;<\/td><\/tr><tr><td><\/td><\/tr><\/tbody><\/table><\/figure>\n<\/details>\n\n\n\n<details class=\"wp-block-details has-blue-light-background-color has-background is-layout-flow wp-block-details-is-layout-flow\"><summary><strong><strong><strong>&nbsp;Peut-on poursuivre ses \u00e9tudes apr\u00e8s un bac&nbsp;pro&nbsp;?<\/strong>&nbsp;<\/strong><\/strong><\/summary>\n<figure class=\"wp-block-table\"><table class=\"has-fixed-layout\"><tbody><tr><td>Oui. Les \u00e9l\u00e8ves peuvent int\u00e9grer des&nbsp;BTS, DUT,&nbsp;ou se r\u00e9orienter&nbsp;vers un&nbsp;bac technologique ou g\u00e9n\u00e9ral&nbsp;via des passerelles.&nbsp;<\/td><\/tr><tr><td><\/td><\/tr><\/tbody><\/table><\/figure>\n<\/details>\n\n\n\n<details class=\"wp-block-details has-blue-light-background-color has-background is-layout-flow wp-block-details-is-layout-flow\"><summary><strong><strong><strong><strong>Quel est le r\u00f4le des stages en entreprise ?<\/strong><\/strong><\/strong><\/strong><\/summary>\n<figure class=\"wp-block-table\"><table class=\"has-fixed-layout\"><tbody><tr><td>Les&nbsp;PFMP&nbsp;permettent d\u2019acqu\u00e9rir une exp\u00e9rience&nbsp;pratique, de se familiariser avec le monde&nbsp;professionnel et d\u2019am\u00e9liorer l\u2019insertion sur le march\u00e9 du travail.&nbsp;<\/td><\/tr><tr><td><\/td><\/tr><\/tbody><\/table><\/figure>\n<\/details>\n\n\n\n<details class=\"wp-block-details has-blue-light-background-color has-background is-layout-flow wp-block-details-is-layout-flow\"><summary><strong><strong><strong><strong><strong>La r\u00e9forme des&nbsp;lyc\u00e9es&nbsp;professionnels a-t-elle chang\u00e9 la formation ?<\/strong>&nbsp;<\/strong><\/strong><\/strong><\/strong><\/summary>\n<figure class=\"wp-block-table\"><table class=\"has-fixed-layout\"><tbody><tr><td>Oui. Elle a introduit des&nbsp;parcours&nbsp;individualis\u00e9s, revaloris\u00e9 les stages et renforc\u00e9 l\u2019accompagnement des \u00e9l\u00e8ves pour mieux&nbsp;pr\u00e9parer leur insertion&nbsp;professionnelle.&nbsp;<\/td><\/tr><tr><td><\/td><\/tr><\/tbody><\/table><\/figure>\n<\/details>\n\n\n\n<details class=\"wp-block-details has-blue-light-background-color has-background is-layout-flow wp-block-details-is-layout-flow\"><summary><strong><strong><strong><strong><strong><strong>Quels avantages pour les \u00e9l\u00e8ves ?<\/strong>&nbsp;<\/strong><\/strong><\/strong><\/strong><\/strong><\/summary>\n<figure class=\"wp-block-table\"><table><tbody><tr><td>Le bac&nbsp;pro&nbsp;permet \u00e0 votre enfant d\u2019acqu\u00e9rir des comp\u00e9tences concr\u00e8tes, de s\u2019ins\u00e9rer rapidement dans le monde du travail, de mieux conna\u00eetre les m\u00e9tiers et d\u2019ouvrir des perspectives de mobilit\u00e9 sociale.&nbsp;<\/td><\/tr><tr><td><br><\/td><\/tr><\/tbody><\/table><\/figure>\n<\/details>\n\n\n\n<h2 class=\"wp-block-heading\"><strong>Conclusion : vers une reconnaissance enfin pleine et enti\u00e8re du bac&nbsp;pro&nbsp;?<\/strong>&nbsp;<\/h2>\n\n\n\n<p>Le\u00a0bac\u00a0professionnel\u00a0repr\u00e9sente une voie essentielle pour former des jeunes aux m\u00e9tiers techniques et manuels, tout en offrant une insertion rapide sur le march\u00e9 du travail. <\/p>\n\n\n\n<p>Malgr\u00e9 les r\u00e9formes et les efforts de valorisation, cette fili\u00e8re reste trop souvent\u00a0m\u00e9pris\u00e9e\u00a0et souffre de\u00a0pr\u00e9jug\u00e9s sociaux et scolaires. <\/p>\n\n\n\n<p>Pour que le bac\u00a0pro\u00a0obtienne enfin\u00a0la reconnaissance qu\u2019il m\u00e9rite, il est crucial de d\u00e9passer ces st\u00e9r\u00e9otypes, d\u2019assurer une\u00a0\u00e9quit\u00e9 r\u00e9elle dans l\u2019acc\u00e8s aux formations, et de valoriser la\u00a0diversit\u00e9 des parcours d\u2019excellence\u00a0qu\u2019il\u00a0propose. <\/p>\n\n\n\n<p>La voie\u00a0professionnelle peut ainsi devenir un levier concret de r\u00e9ussite pour tous les \u00e9l\u00e8ves.\u00a0<\/p>\n","protected":false},"excerpt":{"rendered":"<p>Pourquoi le bac&nbsp;professionnel est-il une voie souvent m\u00e9pris\u00e9e en France ?&nbsp; Le\u00a0bac\u00a0professionnel\u00a0est souvent per\u00e7u comme une voie\u00a0secondaire dans le syst\u00e8me \u00e9ducatif fran\u00e7ais, et cette perception trouve son origine dans plusieurs facteurs historiques et soci\u00e9taux. Depuis sa cr\u00e9ation, il a \u00e9t\u00e9 souvent consid\u00e9r\u00e9 comme un\u00a0choix de dernier recours\u00a0pour les \u00e9l\u00e8ves qui peinent dans les\u00a0fili\u00e8res g\u00e9n\u00e9rales. Cela&#8230;<\/p>\n","protected":false},"author":54,"featured_media":35746,"comment_status":"closed","ping_status":"closed","sticky":false,"template":"","format":"standard","meta":{"_acf_changed":false,"inline_featured_image":false,"footnotes":""},"categories":[165],"tags":[],"class_list":["post-35741","post","type-post","status-publish","format-standard","has-post-thumbnail","hentry","category-orientation"],"acf":[],"yoast_head":"<!-- This site is optimized with the Yoast SEO plugin v27.2 - https:\/\/yoast.com\/product\/yoast-seo-wordpress\/ -->\n<title>Le bac pro, une voie trop souvent m\u00e9pris\u00e9e ? Les cl\u00e9s pour mieux choisir<\/title>\n<meta name=\"description\" content=\"D\u00e9couvrez pourquoi le bac pro suscite d\u00e9bats et pr\u00e9jug\u00e9s : r\u00e9forme, insertion, r\u00e9actions et enjeux pour les \u00e9l\u00e8ves et familles.\" \/>\n<meta name=\"robots\" content=\"index, follow, max-snippet:-1, max-image-preview:large, max-video-preview:-1\" \/>\n<link rel=\"canonical\" href=\"https:\/\/www.maxicours.com\/se\/le-bac-pro-une-voie-trop-souvent-meprisee-reforme-et-perspectives\/\" \/>\n<meta property=\"og:locale\" content=\"fr_FR\" \/>\n<meta property=\"og:type\" content=\"article\" \/>\n<meta property=\"og:title\" content=\"Le bac pro, une voie trop souvent m\u00e9pris\u00e9e ? Les cl\u00e9s pour mieux choisir\" \/>\n<meta property=\"og:description\" content=\"D\u00e9couvrez pourquoi le bac pro suscite d\u00e9bats et pr\u00e9jug\u00e9s : r\u00e9forme, insertion, r\u00e9actions et enjeux pour les \u00e9l\u00e8ves et familles.\" \/>\n<meta property=\"og:url\" content=\"https:\/\/www.maxicours.com\/se\/le-bac-pro-une-voie-trop-souvent-meprisee-reforme-et-perspectives\/\" \/>\n<meta property=\"og:site_name\" content=\"myMaxicours\" \/>\n<meta property=\"article:publisher\" content=\"https:\/\/www.facebook.com\/MarionDeMaxicours\/\" \/>\n<meta property=\"article:published_time\" content=\"2026-01-08T16:55:17+00:00\" \/>\n<meta property=\"article:modified_time\" content=\"2026-01-09T15:09:27+00:00\" \/>\n<meta property=\"og:image\" content=\"https:\/\/www.maxicours.com\/se\/wp-content\/uploads\/2026\/01\/Article-Motiver-son-ado-4.png\" \/>\n\t<meta property=\"og:image:width\" content=\"492\" \/>\n\t<meta property=\"og:image:height\" content=\"277\" \/>\n\t<meta property=\"og:image:type\" content=\"image\/png\" \/>\n<meta name=\"author\" content=\"Alicia Granger\" \/>\n<meta name=\"twitter:card\" content=\"summary_large_image\" \/>\n<meta name=\"twitter:label1\" content=\"\u00c9crit par\" \/>\n\t<meta name=\"twitter:data1\" content=\"Alicia Granger\" \/>\n\t<meta name=\"twitter:label2\" content=\"Dur\u00e9e de lecture estim\u00e9e\" \/>\n\t<meta name=\"twitter:data2\" content=\"16 minutes\" \/>\n<script type=\"application\/ld+json\" class=\"yoast-schema-graph\">{\"@context\":\"https:\/\/schema.org\",\"@graph\":[{\"@type\":\"Article\",\"@id\":\"https:\/\/www.maxicours.com\/se\/le-bac-pro-une-voie-trop-souvent-meprisee-reforme-et-perspectives\/#article\",\"isPartOf\":{\"@id\":\"https:\/\/www.maxicours.com\/se\/le-bac-pro-une-voie-trop-souvent-meprisee-reforme-et-perspectives\/\"},\"author\":{\"name\":\"Alicia Granger\",\"@id\":\"https:\/\/www.maxicours.com\/se\/#\/schema\/person\/2f645a28bb26cbcc494f42daae461955\"},\"headline\":\"Le bac pro, une voie trop souvent m\u00e9pris\u00e9e ? R\u00e9forme et perspectives\",\"datePublished\":\"2026-01-08T16:55:17+00:00\",\"dateModified\":\"2026-01-09T15:09:27+00:00\",\"mainEntityOfPage\":{\"@id\":\"https:\/\/www.maxicours.com\/se\/le-bac-pro-une-voie-trop-souvent-meprisee-reforme-et-perspectives\/\"},\"wordCount\":3416,\"publisher\":{\"@id\":\"https:\/\/www.maxicours.com\/se\/#organization\"},\"image\":{\"@id\":\"https:\/\/www.maxicours.com\/se\/le-bac-pro-une-voie-trop-souvent-meprisee-reforme-et-perspectives\/#primaryimage\"},\"thumbnailUrl\":\"https:\/\/www.maxicours.com\/se\/wp-content\/uploads\/2026\/01\/Article-Motiver-son-ado-4.png\",\"articleSection\":[\"Orientation\"],\"inLanguage\":\"fr-FR\"},{\"@type\":\"WebPage\",\"@id\":\"https:\/\/www.maxicours.com\/se\/le-bac-pro-une-voie-trop-souvent-meprisee-reforme-et-perspectives\/\",\"url\":\"https:\/\/www.maxicours.com\/se\/le-bac-pro-une-voie-trop-souvent-meprisee-reforme-et-perspectives\/\",\"name\":\"Le bac pro, une voie trop souvent m\u00e9pris\u00e9e ? Les cl\u00e9s pour mieux choisir\",\"isPartOf\":{\"@id\":\"https:\/\/www.maxicours.com\/se\/#website\"},\"primaryImageOfPage\":{\"@id\":\"https:\/\/www.maxicours.com\/se\/le-bac-pro-une-voie-trop-souvent-meprisee-reforme-et-perspectives\/#primaryimage\"},\"image\":{\"@id\":\"https:\/\/www.maxicours.com\/se\/le-bac-pro-une-voie-trop-souvent-meprisee-reforme-et-perspectives\/#primaryimage\"},\"thumbnailUrl\":\"https:\/\/www.maxicours.com\/se\/wp-content\/uploads\/2026\/01\/Article-Motiver-son-ado-4.png\",\"datePublished\":\"2026-01-08T16:55:17+00:00\",\"dateModified\":\"2026-01-09T15:09:27+00:00\",\"description\":\"D\u00e9couvrez pourquoi le bac pro suscite d\u00e9bats et pr\u00e9jug\u00e9s : r\u00e9forme, insertion, r\u00e9actions et enjeux pour les \u00e9l\u00e8ves et familles.\",\"breadcrumb\":{\"@id\":\"https:\/\/www.maxicours.com\/se\/le-bac-pro-une-voie-trop-souvent-meprisee-reforme-et-perspectives\/#breadcrumb\"},\"inLanguage\":\"fr-FR\",\"potentialAction\":[{\"@type\":\"ReadAction\",\"target\":[\"https:\/\/www.maxicours.com\/se\/le-bac-pro-une-voie-trop-souvent-meprisee-reforme-et-perspectives\/\"]}]},{\"@type\":\"ImageObject\",\"inLanguage\":\"fr-FR\",\"@id\":\"https:\/\/www.maxicours.com\/se\/le-bac-pro-une-voie-trop-souvent-meprisee-reforme-et-perspectives\/#primaryimage\",\"url\":\"https:\/\/www.maxicours.com\/se\/wp-content\/uploads\/2026\/01\/Article-Motiver-son-ado-4.png\",\"contentUrl\":\"https:\/\/www.maxicours.com\/se\/wp-content\/uploads\/2026\/01\/Article-Motiver-son-ado-4.png\",\"width\":492,\"height\":277},{\"@type\":\"BreadcrumbList\",\"@id\":\"https:\/\/www.maxicours.com\/se\/le-bac-pro-une-voie-trop-souvent-meprisee-reforme-et-perspectives\/#breadcrumb\",\"itemListElement\":[{\"@type\":\"ListItem\",\"position\":1,\"name\":\"myMaxicours\",\"item\":\"https:\/\/www.maxicours.com\"},{\"@type\":\"ListItem\",\"position\":2,\"name\":\"Orientation\",\"item\":\"https:\/\/www.maxicours.com\/se\/orientation\/\"},{\"@type\":\"ListItem\",\"position\":3,\"name\":\"Le bac pro, une voie trop souvent m\u00e9pris\u00e9e ? R\u00e9forme et perspectives\"}]},{\"@type\":\"WebSite\",\"@id\":\"https:\/\/www.maxicours.com\/se\/#website\",\"url\":\"https:\/\/www.maxicours.com\/se\/\",\"name\":\"myMaxicours\",\"description\":\"La r\u00e9ussite scolaire pour tous !\",\"publisher\":{\"@id\":\"https:\/\/www.maxicours.com\/se\/#organization\"},\"potentialAction\":[{\"@type\":\"SearchAction\",\"target\":{\"@type\":\"EntryPoint\",\"urlTemplate\":\"https:\/\/www.maxicours.com\/se\/?s={search_term_string}\"},\"query-input\":{\"@type\":\"PropertyValueSpecification\",\"valueRequired\":true,\"valueName\":\"search_term_string\"}}],\"inLanguage\":\"fr-FR\"},{\"@type\":\"Organization\",\"@id\":\"https:\/\/www.maxicours.com\/se\/#organization\",\"name\":\"myMaxicours\",\"url\":\"https:\/\/www.maxicours.com\/se\/\",\"logo\":{\"@type\":\"ImageObject\",\"inLanguage\":\"fr-FR\",\"@id\":\"https:\/\/www.maxicours.com\/se\/#\/schema\/logo\/image\/\",\"url\":\"https:\/\/www.maxicours.com\/se\/wp-content\/uploads\/2023\/08\/output-onlinepngtools-1.png\",\"contentUrl\":\"https:\/\/www.maxicours.com\/se\/wp-content\/uploads\/2023\/08\/output-onlinepngtools-1.png\",\"width\":1263,\"height\":183,\"caption\":\"myMaxicours\"},\"image\":{\"@id\":\"https:\/\/www.maxicours.com\/se\/#\/schema\/logo\/image\/\"},\"sameAs\":[\"https:\/\/www.facebook.com\/MarionDeMaxicours\/\",\"https:\/\/www.youtube.com\/channel\/UC1BodbREPO7tXJ0UVGkKmGw\"]},{\"@type\":\"Person\",\"@id\":\"https:\/\/www.maxicours.com\/se\/#\/schema\/person\/2f645a28bb26cbcc494f42daae461955\",\"name\":\"Alicia Granger\",\"image\":{\"@type\":\"ImageObject\",\"inLanguage\":\"fr-FR\",\"@id\":\"https:\/\/secure.gravatar.com\/avatar\/0585088f27a1ba96929fd8edf2a204181070dbcd3e185986697cf51ce584c1e5?s=96&d=mm&r=g\",\"url\":\"https:\/\/secure.gravatar.com\/avatar\/0585088f27a1ba96929fd8edf2a204181070dbcd3e185986697cf51ce584c1e5?s=96&d=mm&r=g\",\"contentUrl\":\"https:\/\/secure.gravatar.com\/avatar\/0585088f27a1ba96929fd8edf2a204181070dbcd3e185986697cf51ce584c1e5?s=96&d=mm&r=g\",\"caption\":\"Alicia Granger\"}}]}<\/script>\n<!-- \/ Yoast SEO plugin. -->","yoast_head_json":{"title":"Le bac pro, une voie trop souvent m\u00e9pris\u00e9e ? Les cl\u00e9s pour mieux choisir","description":"D\u00e9couvrez pourquoi le bac pro suscite d\u00e9bats et pr\u00e9jug\u00e9s : r\u00e9forme, insertion, r\u00e9actions et enjeux pour les \u00e9l\u00e8ves et familles.","robots":{"index":"index","follow":"follow","max-snippet":"max-snippet:-1","max-image-preview":"max-image-preview:large","max-video-preview":"max-video-preview:-1"},"canonical":"https:\/\/www.maxicours.com\/se\/le-bac-pro-une-voie-trop-souvent-meprisee-reforme-et-perspectives\/","og_locale":"fr_FR","og_type":"article","og_title":"Le bac pro, une voie trop souvent m\u00e9pris\u00e9e ? Les cl\u00e9s pour mieux choisir","og_description":"D\u00e9couvrez pourquoi le bac pro suscite d\u00e9bats et pr\u00e9jug\u00e9s : r\u00e9forme, insertion, r\u00e9actions et enjeux pour les \u00e9l\u00e8ves et familles.","og_url":"https:\/\/www.maxicours.com\/se\/le-bac-pro-une-voie-trop-souvent-meprisee-reforme-et-perspectives\/","og_site_name":"myMaxicours","article_publisher":"https:\/\/www.facebook.com\/MarionDeMaxicours\/","article_published_time":"2026-01-08T16:55:17+00:00","article_modified_time":"2026-01-09T15:09:27+00:00","og_image":[{"width":492,"height":277,"url":"https:\/\/www.maxicours.com\/se\/wp-content\/uploads\/2026\/01\/Article-Motiver-son-ado-4.png","type":"image\/png"}],"author":"Alicia Granger","twitter_card":"summary_large_image","twitter_misc":{"\u00c9crit par":"Alicia Granger","Dur\u00e9e de lecture estim\u00e9e":"16 minutes"},"schema":{"@context":"https:\/\/schema.org","@graph":[{"@type":"Article","@id":"https:\/\/www.maxicours.com\/se\/le-bac-pro-une-voie-trop-souvent-meprisee-reforme-et-perspectives\/#article","isPartOf":{"@id":"https:\/\/www.maxicours.com\/se\/le-bac-pro-une-voie-trop-souvent-meprisee-reforme-et-perspectives\/"},"author":{"name":"Alicia Granger","@id":"https:\/\/www.maxicours.com\/se\/#\/schema\/person\/2f645a28bb26cbcc494f42daae461955"},"headline":"Le bac pro, une voie trop souvent m\u00e9pris\u00e9e ? R\u00e9forme et perspectives","datePublished":"2026-01-08T16:55:17+00:00","dateModified":"2026-01-09T15:09:27+00:00","mainEntityOfPage":{"@id":"https:\/\/www.maxicours.com\/se\/le-bac-pro-une-voie-trop-souvent-meprisee-reforme-et-perspectives\/"},"wordCount":3416,"publisher":{"@id":"https:\/\/www.maxicours.com\/se\/#organization"},"image":{"@id":"https:\/\/www.maxicours.com\/se\/le-bac-pro-une-voie-trop-souvent-meprisee-reforme-et-perspectives\/#primaryimage"},"thumbnailUrl":"https:\/\/www.maxicours.com\/se\/wp-content\/uploads\/2026\/01\/Article-Motiver-son-ado-4.png","articleSection":["Orientation"],"inLanguage":"fr-FR"},{"@type":"WebPage","@id":"https:\/\/www.maxicours.com\/se\/le-bac-pro-une-voie-trop-souvent-meprisee-reforme-et-perspectives\/","url":"https:\/\/www.maxicours.com\/se\/le-bac-pro-une-voie-trop-souvent-meprisee-reforme-et-perspectives\/","name":"Le bac pro, une voie trop souvent m\u00e9pris\u00e9e ? Les cl\u00e9s pour mieux choisir","isPartOf":{"@id":"https:\/\/www.maxicours.com\/se\/#website"},"primaryImageOfPage":{"@id":"https:\/\/www.maxicours.com\/se\/le-bac-pro-une-voie-trop-souvent-meprisee-reforme-et-perspectives\/#primaryimage"},"image":{"@id":"https:\/\/www.maxicours.com\/se\/le-bac-pro-une-voie-trop-souvent-meprisee-reforme-et-perspectives\/#primaryimage"},"thumbnailUrl":"https:\/\/www.maxicours.com\/se\/wp-content\/uploads\/2026\/01\/Article-Motiver-son-ado-4.png","datePublished":"2026-01-08T16:55:17+00:00","dateModified":"2026-01-09T15:09:27+00:00","description":"D\u00e9couvrez pourquoi le bac pro suscite d\u00e9bats et pr\u00e9jug\u00e9s : r\u00e9forme, insertion, r\u00e9actions et enjeux pour les \u00e9l\u00e8ves et familles.","breadcrumb":{"@id":"https:\/\/www.maxicours.com\/se\/le-bac-pro-une-voie-trop-souvent-meprisee-reforme-et-perspectives\/#breadcrumb"},"inLanguage":"fr-FR","potentialAction":[{"@type":"ReadAction","target":["https:\/\/www.maxicours.com\/se\/le-bac-pro-une-voie-trop-souvent-meprisee-reforme-et-perspectives\/"]}]},{"@type":"ImageObject","inLanguage":"fr-FR","@id":"https:\/\/www.maxicours.com\/se\/le-bac-pro-une-voie-trop-souvent-meprisee-reforme-et-perspectives\/#primaryimage","url":"https:\/\/www.maxicours.com\/se\/wp-content\/uploads\/2026\/01\/Article-Motiver-son-ado-4.png","contentUrl":"https:\/\/www.maxicours.com\/se\/wp-content\/uploads\/2026\/01\/Article-Motiver-son-ado-4.png","width":492,"height":277},{"@type":"BreadcrumbList","@id":"https:\/\/www.maxicours.com\/se\/le-bac-pro-une-voie-trop-souvent-meprisee-reforme-et-perspectives\/#breadcrumb","itemListElement":[{"@type":"ListItem","position":1,"name":"myMaxicours","item":"https:\/\/www.maxicours.com"},{"@type":"ListItem","position":2,"name":"Orientation","item":"https:\/\/www.maxicours.com\/se\/orientation\/"},{"@type":"ListItem","position":3,"name":"Le bac pro, une voie trop souvent m\u00e9pris\u00e9e ? R\u00e9forme et perspectives"}]},{"@type":"WebSite","@id":"https:\/\/www.maxicours.com\/se\/#website","url":"https:\/\/www.maxicours.com\/se\/","name":"myMaxicours","description":"La r\u00e9ussite scolaire pour tous !","publisher":{"@id":"https:\/\/www.maxicours.com\/se\/#organization"},"potentialAction":[{"@type":"SearchAction","target":{"@type":"EntryPoint","urlTemplate":"https:\/\/www.maxicours.com\/se\/?s={search_term_string}"},"query-input":{"@type":"PropertyValueSpecification","valueRequired":true,"valueName":"search_term_string"}}],"inLanguage":"fr-FR"},{"@type":"Organization","@id":"https:\/\/www.maxicours.com\/se\/#organization","name":"myMaxicours","url":"https:\/\/www.maxicours.com\/se\/","logo":{"@type":"ImageObject","inLanguage":"fr-FR","@id":"https:\/\/www.maxicours.com\/se\/#\/schema\/logo\/image\/","url":"https:\/\/www.maxicours.com\/se\/wp-content\/uploads\/2023\/08\/output-onlinepngtools-1.png","contentUrl":"https:\/\/www.maxicours.com\/se\/wp-content\/uploads\/2023\/08\/output-onlinepngtools-1.png","width":1263,"height":183,"caption":"myMaxicours"},"image":{"@id":"https:\/\/www.maxicours.com\/se\/#\/schema\/logo\/image\/"},"sameAs":["https:\/\/www.facebook.com\/MarionDeMaxicours\/","https:\/\/www.youtube.com\/channel\/UC1BodbREPO7tXJ0UVGkKmGw"]},{"@type":"Person","@id":"https:\/\/www.maxicours.com\/se\/#\/schema\/person\/2f645a28bb26cbcc494f42daae461955","name":"Alicia Granger","image":{"@type":"ImageObject","inLanguage":"fr-FR","@id":"https:\/\/secure.gravatar.com\/avatar\/0585088f27a1ba96929fd8edf2a204181070dbcd3e185986697cf51ce584c1e5?s=96&d=mm&r=g","url":"https:\/\/secure.gravatar.com\/avatar\/0585088f27a1ba96929fd8edf2a204181070dbcd3e185986697cf51ce584c1e5?s=96&d=mm&r=g","contentUrl":"https:\/\/secure.gravatar.com\/avatar\/0585088f27a1ba96929fd8edf2a204181070dbcd3e185986697cf51ce584c1e5?s=96&d=mm&r=g","caption":"Alicia Granger"}}]}},"_links":{"self":[{"href":"https:\/\/www.maxicours.com\/se\/wp-json\/wp\/v2\/posts\/35741","targetHints":{"allow":["GET"]}}],"collection":[{"href":"https:\/\/www.maxicours.com\/se\/wp-json\/wp\/v2\/posts"}],"about":[{"href":"https:\/\/www.maxicours.com\/se\/wp-json\/wp\/v2\/types\/post"}],"author":[{"embeddable":true,"href":"https:\/\/www.maxicours.com\/se\/wp-json\/wp\/v2\/users\/54"}],"replies":[{"embeddable":true,"href":"https:\/\/www.maxicours.com\/se\/wp-json\/wp\/v2\/comments?post=35741"}],"version-history":[{"count":38,"href":"https:\/\/www.maxicours.com\/se\/wp-json\/wp\/v2\/posts\/35741\/revisions"}],"predecessor-version":[{"id":35790,"href":"https:\/\/www.maxicours.com\/se\/wp-json\/wp\/v2\/posts\/35741\/revisions\/35790"}],"wp:featuredmedia":[{"embeddable":true,"href":"https:\/\/www.maxicours.com\/se\/wp-json\/wp\/v2\/media\/35746"}],"wp:attachment":[{"href":"https:\/\/www.maxicours.com\/se\/wp-json\/wp\/v2\/media?parent=35741"}],"wp:term":[{"taxonomy":"category","embeddable":true,"href":"https:\/\/www.maxicours.com\/se\/wp-json\/wp\/v2\/categories?post=35741"},{"taxonomy":"post_tag","embeddable":true,"href":"https:\/\/www.maxicours.com\/se\/wp-json\/wp\/v2\/tags?post=35741"}],"curies":[{"name":"wp","href":"https:\/\/api.w.org\/{rel}","templated":true}]}}